{"id":4640,"date":"2025-06-10T09:55:55","date_gmt":"2025-06-10T06:55:55","guid":{"rendered":"https:\/\/cubukled.com\/?p=4640"},"modified":"2025-07-21T14:25:24","modified_gmt":"2025-07-21T11:25:24","slug":"minare-isiklandirmasi","status":"publish","type":"post","link":"https:\/\/cubukled.com\/fr\/minare-isiklandirmasi\/","title":{"rendered":"\u00c9clairage du minaret"},"content":{"rendered":"<p><strong>\u00c9clairage du minaret<\/strong> Si vous comptez les utiliser, privil\u00e9giez d\u00e9sormais les luminaires LED lin\u00e9aires aux sources lumineuses traditionnelles. Ils offrent de nombreux avantages. De plus, en achetant directement aupr\u00e8s d&#039;un fabricant, vous pouvez personnaliser de nombreux aspects, de la puissance au m\u00e8tre au flux lumineux et aux couleurs de la lumi\u00e8re. Vous trouverez \u00e9galement le mod\u00e8le le plus adapt\u00e9 \u00e0 vos besoins parmi une large gamme, des profils fins aux profils plus \u00e9pais.<\/p>\n<h2>\u00c9clairage du minaret : Utilisation de LED lin\u00e9aires<\/h2>\n<figure id=\"attachment_4644\" aria-describedby=\"caption-attachment-4644\" style=\"width: 500px\" class=\"wp-caption aligncenter\"><a href=\"https:\/\/cubukled.com\/wp-content\/uploads\/2025\/04\/minare-isiklandirmasi-lineer-led.jpg\"><img fetchpriority=\"high\" decoding=\"async\" class=\"size-full wp-image-4644\" src=\"https:\/\/cubukled.com\/wp-content\/uploads\/2025\/04\/minare-isiklandirmasi-lineer-led.jpg\" alt=\"minare led \u0131\u015f\u0131k\" width=\"500\" height=\"500\" srcset=\"https:\/\/cubukled.com\/wp-content\/uploads\/2025\/04\/minare-isiklandirmasi-lineer-led.jpg 500w, https:\/\/cubukled.com\/wp-content\/uploads\/2025\/04\/minare-isiklandirmasi-lineer-led-300x300.jpg 300w, https:\/\/cubukled.com\/wp-content\/uploads\/2025\/04\/minare-isiklandirmasi-lineer-led-150x150.jpg 150w, https:\/\/cubukled.com\/wp-content\/uploads\/2025\/04\/minare-isiklandirmasi-lineer-led-12x12.jpg 12w, https:\/\/cubukled.com\/wp-content\/uploads\/2025\/04\/minare-isiklandirmasi-lineer-led-100x100.jpg 100w\" sizes=\"(max-width: 500px) 100vw, 500px\" \/><\/a><figcaption id=\"caption-attachment-4644\" class=\"wp-caption-text\">Diff\u00e9rents mod\u00e8les de LED lin\u00e9aires<\/figcaption><\/figure>\n<p>Les minarets sont des \u00e9difices d&#039;une grande importance architecturale. Le balcon d&#039;un minaret acquiert une beaut\u00e9 consid\u00e9rablement accrue gr\u00e2ce \u00e0 son \u00e9clairage nocturne. Une mosqu\u00e9e, aussi belle soit-elle le jour, est invisible la nuit. En revanche, un b\u00e2timent illumin\u00e9 avec les couleurs appropri\u00e9es continue de r\u00e9v\u00e9ler toute sa splendeur nocturne. Les luminaires lin\u00e9aires \u00e0 LED pr\u00e9servent le cachet historique tout en offrant une esth\u00e9tique moderne, assurant ainsi un \u00e9clairage impeccable.<\/p>\n<p>Les minarets des mosqu\u00e9es remplissent \u00e9galement une fonction pratique gr\u00e2ce \u00e0 un \u00e9clairage ad\u00e9quat. Par exemple, cet \u00e9clairage permet \u00e0 la mosqu\u00e9e d&#039;\u00eatre visible de loin et signale la tomb\u00e9e de la nuit. Par cons\u00e9quent, lors du choix d&#039;un luminaire, il convient d&#039;opter pour un mod\u00e8le dont la puissance et le flux lumineux sont les plus adapt\u00e9s.<\/p>\n<p>Nos solutions d&#039;\u00e9clairage LED sont bien plus performantes que les m\u00e9thodes d&#039;\u00e9clairage traditionnelles. Elles offrent un \u00e9clairage optimal tout en consommant moins d&#039;\u00e9nergie. Vous ne voudrez plus vous procurer nos produits\u00a0: ils ne n\u00e9cessitent aucun remplacement d&#039;ampoule et offrent des avantages tels qu&#039;une longue dur\u00e9e de vie et une diffusion homog\u00e8ne de la lumi\u00e8re.<\/p>\n<h3>Options de couleur pour l&#039;\u00e9clairage de minarets avec LED lin\u00e9aires<\/h3>\n<figure id=\"attachment_4647\" aria-describedby=\"caption-attachment-4647\" style=\"width: 200px\" class=\"wp-caption aligncenter\"><a href=\"https:\/\/cubukled.com\/wp-content\/uploads\/2025\/04\/minare-isiklandirmasi.jpg\"><img decoding=\"async\" class=\"size-full wp-image-4647\" src=\"https:\/\/cubukled.com\/wp-content\/uploads\/2025\/04\/minare-isiklandirmasi.jpg\" alt=\"minare led \u0131\u015f\u0131kland\u0131rmas\u0131\" width=\"200\" height=\"200\" srcset=\"https:\/\/cubukled.com\/wp-content\/uploads\/2025\/04\/minare-isiklandirmasi.jpg 200w, https:\/\/cubukled.com\/wp-content\/uploads\/2025\/04\/minare-isiklandirmasi-150x150.jpg 150w, https:\/\/cubukled.com\/wp-content\/uploads\/2025\/04\/minare-isiklandirmasi-12x12.jpg 12w, https:\/\/cubukled.com\/wp-content\/uploads\/2025\/04\/minare-isiklandirmasi-100x100.jpg 100w\" sizes=\"(max-width: 200px) 100vw, 200px\" \/><\/a><figcaption id=\"caption-attachment-4647\" class=\"wp-caption-text\">Exemple d&#039;image d&#039;\u00e9clairage de minaret.<\/figcaption><\/figure>\n<p>Vous trouverez ci-dessous les options de couleur de lumi\u00e8re et les valeurs Kelvin que vous pouvez utiliser pour l&#039;\u00e9clairage du minaret\u00a0:<\/p>\n<ul>\n<li>La couleur de lumi\u00e8re 3000k, qui correspond \u00e0 une lumi\u00e8re du jour jaun\u00e2tre, appartient aux tons chauds.<\/li>\n<li>4000K est consid\u00e9r\u00e9 comme une lumi\u00e8re du jour plus blanch\u00e2tre.<\/li>\n<li>Le blanc 5000K, qui est un blanc interm\u00e9diaire, se situe entre le blanc chaud et le blanc froid.<\/li>\n<li>6500K correspond \u00e0 un blanc froid.<\/li>\n<li>Les lumi\u00e8res ambr\u00e9es, rouges, vertes, bleues, turquoise et blanches glac\u00e9es font partie des options d&#039;\u00e9clairage color\u00e9.<\/li>\n<\/ul>\n<p>Nos luminaires lin\u00e9aires \u00e0 LED, r\u00e9sistants aux agressions ext\u00e9rieures telles que l&#039;eau et la poussi\u00e8re, sont dot\u00e9s d&#039;un bo\u00eetier en aluminium. De plus, le diffuseur ext\u00e9rieur, qui homog\u00e9n\u00e9ise la lumi\u00e8re, est r\u00e9sistant au jaunissement d\u00fb aux UV. Nous fabriquons ces diffuseurs en PMMA, un mat\u00e9riau plastique rigide. Ainsi, nos produits sont parfaitement adapt\u00e9s \u00e0 une utilisation en ext\u00e9rieur et fonctionnent sans probl\u00e8me pendant de nombreuses ann\u00e9es.<\/p>\n<p>Gr\u00e2ce \u00e0 leur facilit\u00e9 d&#039;installation et \u00e0 leur structure modulaire, les syst\u00e8mes LED s&#039;int\u00e8grent ais\u00e9ment dans diff\u00e9rents espaces des mosqu\u00e9es. On peut ainsi obtenir un \u00e9clairage professionnel sous les balustrades, le long des balcons ou sur le corps du minaret, sans alt\u00e9rer l&#039;esth\u00e9tique architecturale.<\/p>\n<p>Les luminaires lin\u00e9aires \u00e0 LED doivent fournir au moins 10 W\/m, soit environ 1\u00a0200 lumens par m\u00e8tre. Pour une longueur de 60 \u00e0 70 cm, vous pouvez utiliser 24 ou 26 modules. Bien s\u00fbr, ce nombre peut varier en fonction du diam\u00e8tre du balcon. Dans certains cas, 12 modules peuvent suffire.<\/p>\n<p>L&#039;\u00e9clairage lin\u00e9aire LED pour minarets allie \u00e9conomies d&#039;\u00e9nergie et esth\u00e9tique. En combinant un \u00e9clairage adapt\u00e9 et un rendu professionnel, nos produits vous aident \u00e0 cr\u00e9er une ambiance exceptionnelle. <a href=\"https:\/\/cubukled.com\/fr\/led-katalog\/\">Catalogue LED<\/a> Vous pouvez parcourir notre cat\u00e9gorie et nous contacter imm\u00e9diatement.<\/p>\n<figure id=\"attachment_3970\" aria-describedby=\"caption-attachment-3970\" style=\"width: 300px\" class=\"wp-caption aligncenter\"><a href=\"https:\/\/cubukled.com\/fr\/cubuk-led-iletisim\/\"><img decoding=\"async\" class=\"size-full wp-image-3970\" src=\"https:\/\/cubukled.com\/wp-content\/uploads\/2024\/10\/iletisim.jpg\" alt=\"fiyat al\" width=\"300\" height=\"150\" \/><\/a><figcaption id=\"caption-attachment-3970\" class=\"wp-caption-text\">Veuillez nous contacter pour conna\u00eetre le prix<\/figcaption><\/figure>","protected":false},"excerpt":{"rendered":"<p>Si vous avez l'intention de r\u00e9aliser un \u00e9clairage de minaret, vous devriez maintenant pr\u00e9f\u00e9rer les produits lin\u00e9aires \u00e0 LED aux sources lumineuses traditionnelles. Ils pr\u00e9sentent en effet de nombreux avantages. De plus, si vous achetez ces produits aupr\u00e8s d'un fabricant...<\/p>","protected":false},"author":1,"featured_media":0,"comment_status":"open","ping_status":"open","sticky":false,"template":"","format":"standard","meta":{"_joinchat":[],"footnotes":""},"categories":[958],"tags":[3059],"class_list":["post-4640","post","type-post","status-publish","format-standard","hentry","category-sozluk","tag-minare-isiklandirmasi"],"yoast_head":"<!-- This site is optimized with the Yoast SEO plugin v27.2 - https:\/\/yoast.com\/product\/yoast-seo-wordpress\/ -->\n<title>Minare I\u015f\u0131kland\u0131rmas\u0131 - Al\u00fcminyum Profili LED Kasa<\/title>\n<meta name=\"description\" content=\"Minare I\u015f\u0131kland\u0131rmas\u0131 - Lineer LED Modelleri - Farkl\u0131 \u0131\u015f\u0131k renkleri, g\u00fc\u00e7l\u00fc \u0131\u015f\u0131k, estetik g\u00f6r\u00fcn\u00fcm, sa\u011flam yap\u0131...\" \/>\n<meta name=\"robots\" content=\"index, follow, max-snippet:-1, max-image-preview:large, max-video-preview:-1\" \/>\n<link rel=\"canonical\" href=\"https:\/\/cubukled.com\/fr\/minare-isiklandirmasi\/\" \/>\n<meta property=\"og:locale\" content=\"fr_FR\" \/>\n<meta property=\"og:type\" content=\"article\" \/>\n<meta property=\"og:title\" content=\"Minare I\u015f\u0131kland\u0131rmas\u0131 - Al\u00fcminyum Profili LED Kasa\" \/>\n<meta property=\"og:description\" content=\"Minare I\u015f\u0131kland\u0131rmas\u0131 - Lineer LED Modelleri - Farkl\u0131 \u0131\u015f\u0131k renkleri, g\u00fc\u00e7l\u00fc \u0131\u015f\u0131k, estetik g\u00f6r\u00fcn\u00fcm, sa\u011flam yap\u0131...\" \/>\n<meta property=\"og:url\" content=\"https:\/\/cubukled.com\/fr\/minare-isiklandirmasi\/\" \/>\n<meta property=\"og:site_name\" content=\"\u00c7ubuk LED\" \/>\n<meta property=\"article:publisher\" content=\"https:\/\/www.facebook.com\/cubukled\" \/>\n<meta property=\"article:published_time\" content=\"2025-06-10T06:55:55+00:00\" \/>\n<meta property=\"article:modified_time\" content=\"2025-07-21T11:25:24+00:00\" \/>\n<meta property=\"og:image\" content=\"https:\/\/cubukled.com\/wp-content\/uploads\/2025\/04\/minare-isiklandirmasi-lineer-led.jpg\" \/>\n\t<meta property=\"og:image:width\" content=\"500\" \/>\n\t<meta property=\"og:image:height\" content=\"500\" \/>\n\t<meta property=\"og:image:type\" content=\"image\/jpeg\" \/>\n<meta name=\"author\" content=\"cubukled\" \/>\n<meta name=\"twitter:card\" content=\"summary_large_image\" \/>\n<meta name=\"twitter:creator\" content=\"@cubukled\" \/>\n<meta name=\"twitter:site\" content=\"@cubukled\" \/>\n<meta name=\"twitter:label1\" content=\"\u00c9crit par\" \/>\n\t<meta name=\"twitter:data1\" content=\"cubukled\" \/>\n\t<meta name=\"twitter:label2\" content=\"Dur\u00e9e de lecture estim\u00e9e\" \/>\n\t<meta name=\"twitter:data2\" content=\"4 minutes\" \/>\n<script type=\"application\/ld+json\" class=\"yoast-schema-graph\">{\"@context\":\"https:\/\/schema.org\",\"@graph\":[{\"@type\":\"Article\",\"@id\":\"https:\/\/cubukled.com\/minare-isiklandirmasi\/#article\",\"isPartOf\":{\"@id\":\"https:\/\/cubukled.com\/minare-isiklandirmasi\/\"},\"author\":{\"name\":\"cubukled\",\"@id\":\"https:\/\/cubukled.com\/#\/schema\/person\/d63c35315ca758ddc29fbdedff195b99\"},\"headline\":\"Minare I\u015f\u0131kland\u0131rmas\u0131\",\"datePublished\":\"2025-06-10T06:55:55+00:00\",\"dateModified\":\"2025-07-21T11:25:24+00:00\",\"mainEntityOfPage\":{\"@id\":\"https:\/\/cubukled.com\/minare-isiklandirmasi\/\"},\"wordCount\":602,\"commentCount\":0,\"publisher\":{\"@id\":\"https:\/\/cubukled.com\/#organization\"},\"image\":{\"@id\":\"https:\/\/cubukled.com\/minare-isiklandirmasi\/#primaryimage\"},\"thumbnailUrl\":\"https:\/\/cubukled.com\/wp-content\/uploads\/2025\/04\/minare-isiklandirmasi-lineer-led.jpg\",\"keywords\":[\"minare \u0131\u015f\u0131kland\u0131rmas\u0131\"],\"articleSection\":[\"S\u00f6zl\u00fck\"],\"inLanguage\":\"fr-FR\",\"potentialAction\":[{\"@type\":\"CommentAction\",\"name\":\"Comment\",\"target\":[\"https:\/\/cubukled.com\/minare-isiklandirmasi\/#respond\"]}]},{\"@type\":\"WebPage\",\"@id\":\"https:\/\/cubukled.com\/minare-isiklandirmasi\/\",\"url\":\"https:\/\/cubukled.com\/minare-isiklandirmasi\/\",\"name\":\"Minare I\u015f\u0131kland\u0131rmas\u0131 - Al\u00fcminyum Profili LED Kasa\",\"isPartOf\":{\"@id\":\"https:\/\/cubukled.com\/#website\"},\"primaryImageOfPage\":{\"@id\":\"https:\/\/cubukled.com\/minare-isiklandirmasi\/#primaryimage\"},\"image\":{\"@id\":\"https:\/\/cubukled.com\/minare-isiklandirmasi\/#primaryimage\"},\"thumbnailUrl\":\"https:\/\/cubukled.com\/wp-content\/uploads\/2025\/04\/minare-isiklandirmasi-lineer-led.jpg\",\"datePublished\":\"2025-06-10T06:55:55+00:00\",\"dateModified\":\"2025-07-21T11:25:24+00:00\",\"description\":\"Minare I\u015f\u0131kland\u0131rmas\u0131 - Lineer LED Modelleri - Farkl\u0131 \u0131\u015f\u0131k renkleri, g\u00fc\u00e7l\u00fc \u0131\u015f\u0131k, estetik g\u00f6r\u00fcn\u00fcm, sa\u011flam yap\u0131...\",\"breadcrumb\":{\"@id\":\"https:\/\/cubukled.com\/minare-isiklandirmasi\/#breadcrumb\"},\"inLanguage\":\"fr-FR\",\"potentialAction\":[{\"@type\":\"ReadAction\",\"target\":[\"https:\/\/cubukled.com\/minare-isiklandirmasi\/\"]}]},{\"@type\":\"ImageObject\",\"inLanguage\":\"fr-FR\",\"@id\":\"https:\/\/cubukled.com\/minare-isiklandirmasi\/#primaryimage\",\"url\":\"https:\/\/cubukled.com\/wp-content\/uploads\/2025\/04\/minare-isiklandirmasi-lineer-led.jpg\",\"contentUrl\":\"https:\/\/cubukled.com\/wp-content\/uploads\/2025\/04\/minare-isiklandirmasi-lineer-led.jpg\"},{\"@type\":\"BreadcrumbList\",\"@id\":\"https:\/\/cubukled.com\/minare-isiklandirmasi\/#breadcrumb\",\"itemListElement\":[{\"@type\":\"ListItem\",\"position\":1,\"name\":\"Ana sayfa\",\"item\":\"https:\/\/cubukled.com\/\"},{\"@type\":\"ListItem\",\"position\":2,\"name\":\"Minare I\u015f\u0131kland\u0131rmas\u0131\"}]},{\"@type\":\"WebSite\",\"@id\":\"https:\/\/cubukled.com\/#website\",\"url\":\"https:\/\/cubukled.com\/\",\"name\":\"\u00c7ubuk LED\",\"description\":\"Cephe Ayd\u0131nlatma, Ayd\u0131nlatma Tasar\u0131m\u0131, D\u0131\u015f Mekan Animasyon Sistemleri, RGB DMX Cephe LED Animasyon\",\"publisher\":{\"@id\":\"https:\/\/cubukled.com\/#organization\"},\"alternateName\":\"cubukled\",\"potentialAction\":[{\"@type\":\"SearchAction\",\"target\":{\"@type\":\"EntryPoint\",\"urlTemplate\":\"https:\/\/cubukled.com\/?s={search_term_string}\"},\"query-input\":{\"@type\":\"PropertyValueSpecification\",\"valueRequired\":true,\"valueName\":\"search_term_string\"}}],\"inLanguage\":\"fr-FR\"},{\"@type\":\"Organization\",\"@id\":\"https:\/\/cubukled.com\/#organization\",\"name\":\"\u00c7ubuk LED\",\"alternateName\":\"cubukled\",\"url\":\"https:\/\/cubukled.com\/\",\"logo\":{\"@type\":\"ImageObject\",\"inLanguage\":\"fr-FR\",\"@id\":\"https:\/\/cubukled.com\/#\/schema\/logo\/image\/\",\"url\":\"https:\/\/cubukled.com\/wp-content\/uploads\/2020\/06\/cubukled-logo.jpeg\",\"contentUrl\":\"https:\/\/cubukled.com\/wp-content\/uploads\/2020\/06\/cubukled-logo.jpeg\",\"width\":1169,\"height\":669,\"caption\":\"\u00c7ubuk LED\"},\"image\":{\"@id\":\"https:\/\/cubukled.com\/#\/schema\/logo\/image\/\"},\"sameAs\":[\"https:\/\/www.facebook.com\/cubukled\",\"https:\/\/x.com\/cubukled\",\"https:\/\/tr.pinterest.com\/Cubuk_Led\/\",\"https:\/\/www.instagram.com\/cubukled\/\",\"https:\/\/www.linkedin.com\/company\/cubukled\",\"https:\/\/www.threads.net\/@cubukled\",\"https:\/\/www.youtube.com\/@cubukled\",\"https:\/\/twitter.com\/cubukled\"]},{\"@type\":\"Person\",\"@id\":\"https:\/\/cubukled.com\/#\/schema\/person\/d63c35315ca758ddc29fbdedff195b99\",\"name\":\"cubukled\",\"image\":{\"@type\":\"ImageObject\",\"inLanguage\":\"fr-FR\",\"@id\":\"https:\/\/secure.gravatar.com\/avatar\/4fdcd8b2b1fb076c757dfab5891e98c4a4ca9d38ff15d9f8922ab0e11ffdc750?s=96&d=mm&r=g\",\"url\":\"https:\/\/secure.gravatar.com\/avatar\/4fdcd8b2b1fb076c757dfab5891e98c4a4ca9d38ff15d9f8922ab0e11ffdc750?s=96&d=mm&r=g\",\"contentUrl\":\"https:\/\/secure.gravatar.com\/avatar\/4fdcd8b2b1fb076c757dfab5891e98c4a4ca9d38ff15d9f8922ab0e11ffdc750?s=96&d=mm&r=g\",\"caption\":\"cubukled\"},\"sameAs\":[\"http:\/\/cubukled.com\"]}]}<\/script>\n<!-- \/ Yoast SEO plugin. -->","yoast_head_json":{"title":"Minare I\u015f\u0131kland\u0131rmas\u0131 - Al\u00fcminyum Profili LED Kasa","description":"Minare I\u015f\u0131kland\u0131rmas\u0131 - Lineer LED Modelleri - Farkl\u0131 \u0131\u015f\u0131k renkleri, g\u00fc\u00e7l\u00fc \u0131\u015f\u0131k, estetik g\u00f6r\u00fcn\u00fcm, sa\u011flam yap\u0131...","robots":{"index":"index","follow":"follow","max-snippet":"max-snippet:-1","max-image-preview":"max-image-preview:large","max-video-preview":"max-video-preview:-1"},"canonical":"https:\/\/cubukled.com\/fr\/minare-isiklandirmasi\/","og_locale":"fr_FR","og_type":"article","og_title":"Minare I\u015f\u0131kland\u0131rmas\u0131 - Al\u00fcminyum Profili LED Kasa","og_description":"Minare I\u015f\u0131kland\u0131rmas\u0131 - Lineer LED Modelleri - Farkl\u0131 \u0131\u015f\u0131k renkleri, g\u00fc\u00e7l\u00fc \u0131\u015f\u0131k, estetik g\u00f6r\u00fcn\u00fcm, sa\u011flam yap\u0131...","og_url":"https:\/\/cubukled.com\/fr\/minare-isiklandirmasi\/","og_site_name":"\u00c7ubuk LED","article_publisher":"https:\/\/www.facebook.com\/cubukled","article_published_time":"2025-06-10T06:55:55+00:00","article_modified_time":"2025-07-21T11:25:24+00:00","og_image":[{"width":500,"height":500,"url":"https:\/\/cubukled.com\/wp-content\/uploads\/2025\/04\/minare-isiklandirmasi-lineer-led.jpg","type":"image\/jpeg"}],"author":"cubukled","twitter_card":"summary_large_image","twitter_creator":"@cubukled","twitter_site":"@cubukled","twitter_misc":{"\u00c9crit par":"cubukled","Dur\u00e9e de lecture estim\u00e9e":"4 minutes"},"schema":{"@context":"https:\/\/schema.org","@graph":[{"@type":"Article","@id":"https:\/\/cubukled.com\/minare-isiklandirmasi\/#article","isPartOf":{"@id":"https:\/\/cubukled.com\/minare-isiklandirmasi\/"},"author":{"name":"cubukled","@id":"https:\/\/cubukled.com\/#\/schema\/person\/d63c35315ca758ddc29fbdedff195b99"},"headline":"Minare I\u015f\u0131kland\u0131rmas\u0131","datePublished":"2025-06-10T06:55:55+00:00","dateModified":"2025-07-21T11:25:24+00:00","mainEntityOfPage":{"@id":"https:\/\/cubukled.com\/minare-isiklandirmasi\/"},"wordCount":602,"commentCount":0,"publisher":{"@id":"https:\/\/cubukled.com\/#organization"},"image":{"@id":"https:\/\/cubukled.com\/minare-isiklandirmasi\/#primaryimage"},"thumbnailUrl":"https:\/\/cubukled.com\/wp-content\/uploads\/2025\/04\/minare-isiklandirmasi-lineer-led.jpg","keywords":["minare \u0131\u015f\u0131kland\u0131rmas\u0131"],"articleSection":["S\u00f6zl\u00fck"],"inLanguage":"fr-FR","potentialAction":[{"@type":"CommentAction","name":"Comment","target":["https:\/\/cubukled.com\/minare-isiklandirmasi\/#respond"]}]},{"@type":"WebPage","@id":"https:\/\/cubukled.com\/minare-isiklandirmasi\/","url":"https:\/\/cubukled.com\/minare-isiklandirmasi\/","name":"Minare I\u015f\u0131kland\u0131rmas\u0131 - Al\u00fcminyum Profili LED Kasa","isPartOf":{"@id":"https:\/\/cubukled.com\/#website"},"primaryImageOfPage":{"@id":"https:\/\/cubukled.com\/minare-isiklandirmasi\/#primaryimage"},"image":{"@id":"https:\/\/cubukled.com\/minare-isiklandirmasi\/#primaryimage"},"thumbnailUrl":"https:\/\/cubukled.com\/wp-content\/uploads\/2025\/04\/minare-isiklandirmasi-lineer-led.jpg","datePublished":"2025-06-10T06:55:55+00:00","dateModified":"2025-07-21T11:25:24+00:00","description":"Minare I\u015f\u0131kland\u0131rmas\u0131 - Lineer LED Modelleri - Farkl\u0131 \u0131\u015f\u0131k renkleri, g\u00fc\u00e7l\u00fc \u0131\u015f\u0131k, estetik g\u00f6r\u00fcn\u00fcm, sa\u011flam yap\u0131...","breadcrumb":{"@id":"https:\/\/cubukled.com\/minare-isiklandirmasi\/#breadcrumb"},"inLanguage":"fr-FR","potentialAction":[{"@type":"ReadAction","target":["https:\/\/cubukled.com\/minare-isiklandirmasi\/"]}]},{"@type":"ImageObject","inLanguage":"fr-FR","@id":"https:\/\/cubukled.com\/minare-isiklandirmasi\/#primaryimage","url":"https:\/\/cubukled.com\/wp-content\/uploads\/2025\/04\/minare-isiklandirmasi-lineer-led.jpg","contentUrl":"https:\/\/cubukled.com\/wp-content\/uploads\/2025\/04\/minare-isiklandirmasi-lineer-led.jpg"},{"@type":"BreadcrumbList","@id":"https:\/\/cubukled.com\/minare-isiklandirmasi\/#breadcrumb","itemListElement":[{"@type":"ListItem","position":1,"name":"Ana sayfa","item":"https:\/\/cubukled.com\/"},{"@type":"ListItem","position":2,"name":"Minare I\u015f\u0131kland\u0131rmas\u0131"}]},{"@type":"WebSite","@id":"https:\/\/cubukled.com\/#website","url":"https:\/\/cubukled.com\/","name":"Tige LED","description":"Eclairage de fa\u00e7ade, Conception d'\u00e9clairage, Syst\u00e8mes d'animation ext\u00e9rieure, Animation LED RVB DMX de fa\u00e7ade","publisher":{"@id":"https:\/\/cubukled.com\/#organization"},"alternateName":"cubukled","potentialAction":[{"@type":"SearchAction","target":{"@type":"EntryPoint","urlTemplate":"https:\/\/cubukled.com\/?s={search_term_string}"},"query-input":{"@type":"PropertyValueSpecification","valueRequired":true,"valueName":"search_term_string"}}],"inLanguage":"fr-FR"},{"@type":"Organization","@id":"https:\/\/cubukled.com\/#organization","name":"Tige LED","alternateName":"cubukled","url":"https:\/\/cubukled.com\/","logo":{"@type":"ImageObject","inLanguage":"fr-FR","@id":"https:\/\/cubukled.com\/#\/schema\/logo\/image\/","url":"https:\/\/cubukled.com\/wp-content\/uploads\/2020\/06\/cubukled-logo.jpeg","contentUrl":"https:\/\/cubukled.com\/wp-content\/uploads\/2020\/06\/cubukled-logo.jpeg","width":1169,"height":669,"caption":"\u00c7ubuk LED"},"image":{"@id":"https:\/\/cubukled.com\/#\/schema\/logo\/image\/"},"sameAs":["https:\/\/www.facebook.com\/cubukled","https:\/\/x.com\/cubukled","https:\/\/tr.pinterest.com\/Cubuk_Led\/","https:\/\/www.instagram.com\/cubukled\/","https:\/\/www.linkedin.com\/company\/cubukled","https:\/\/www.threads.net\/@cubukled","https:\/\/www.youtube.com\/@cubukled","https:\/\/twitter.com\/cubukled"]},{"@type":"Person","@id":"https:\/\/cubukled.com\/#\/schema\/person\/d63c35315ca758ddc29fbdedff195b99","name":"cubukled","image":{"@type":"ImageObject","inLanguage":"fr-FR","@id":"https:\/\/secure.gravatar.com\/avatar\/4fdcd8b2b1fb076c757dfab5891e98c4a4ca9d38ff15d9f8922ab0e11ffdc750?s=96&d=mm&r=g","url":"https:\/\/secure.gravatar.com\/avatar\/4fdcd8b2b1fb076c757dfab5891e98c4a4ca9d38ff15d9f8922ab0e11ffdc750?s=96&d=mm&r=g","contentUrl":"https:\/\/secure.gravatar.com\/avatar\/4fdcd8b2b1fb076c757dfab5891e98c4a4ca9d38ff15d9f8922ab0e11ffdc750?s=96&d=mm&r=g","caption":"cubukled"},"sameAs":["http:\/\/cubukled.com"]}]}},"_links":{"self":[{"href":"https:\/\/cubukled.com\/fr\/wp-json\/wp\/v2\/posts\/4640","targetHints":{"allow":["GET"]}}],"collection":[{"href":"https:\/\/cubukled.com\/fr\/wp-json\/wp\/v2\/posts"}],"about":[{"href":"https:\/\/cubukled.com\/fr\/wp-json\/wp\/v2\/types\/post"}],"author":[{"embeddable":true,"href":"https:\/\/cubukled.com\/fr\/wp-json\/wp\/v2\/users\/1"}],"replies":[{"embeddable":true,"href":"https:\/\/cubukled.com\/fr\/wp-json\/wp\/v2\/comments?post=4640"}],"version-history":[{"count":7,"href":"https:\/\/cubukled.com\/fr\/wp-json\/wp\/v2\/posts\/4640\/revisions"}],"predecessor-version":[{"id":4860,"href":"https:\/\/cubukled.com\/fr\/wp-json\/wp\/v2\/posts\/4640\/revisions\/4860"}],"wp:attachment":[{"href":"https:\/\/cubukled.com\/fr\/wp-json\/wp\/v2\/media?parent=4640"}],"wp:term":[{"taxonomy":"category","embeddable":true,"href":"https:\/\/cubukled.com\/fr\/wp-json\/wp\/v2\/categories?post=4640"},{"taxonomy":"post_tag","embeddable":true,"href":"https:\/\/cubukled.com\/fr\/wp-json\/wp\/v2\/tags?post=4640"}],"curies":[{"name":"wp","href":"https:\/\/api.w.org\/{rel}","templated":true}]}}